{"id":2345,"date":"2025-04-22T12:51:57","date_gmt":"2025-04-22T18:51:57","guid":{"rendered":"https:\/\/espaciocdmx.com\/?p=2345"},"modified":"2025-04-22T13:13:54","modified_gmt":"2025-04-22T19:13:54","slug":"feria-territorio-diseno-y-arte-objeto-mexicano","status":"publish","type":"post","link":"https:\/\/espaciocdmx.com\/en\/programacion\/ferias\/feria-territorio-diseno-y-arte-objeto-mexicano\/","title":{"rendered":"Feria Territorio: Dise\u00f1o y Arte Objeto Mexicano"},"content":{"rendered":"<h2 class=\"wp-block-heading\">Semana del Arte CDMX 2025<\/h2>\n\n\n\n<div class=\"wp-block-columns is-layout-flex wp-container-core-columns-is-layout-28f84493 wp-block-columns-is-layout-flex\">\n<div class=\"wp-block-column is-layout-flow wp-block-column-is-layout-flow\">\n<p>Del 5 al 9 de febrero, se llev\u00f3 a cabo la primera edici\u00f3n de la Feria Territorio, un espacio que celebr\u00f3 la convergencia entre lo artesanal y lo contempor\u00e1neo en el marco de la Semana del Arte de CDMX.<\/p>\n\n\n\n<p>En Espacio CDMX, el dise\u00f1o y el arte-objeto se transformaron en narrativas visuales que cruzaron fronteras, conectaron comunidades y proyectaron el futuro de la creatividad mexicana. Cada creador cont\u00f3 su propia historia a trav\u00e9s de piezas \u00fanicas, colecciones innovadoras y propuestas que reflejaron la riqueza cultural y el talento de nuestro pa\u00eds.<\/p>\n\n\n\n<p>Territorio no fue solo una feria, sino un punto de encuentro que materializ\u00f3 la visi\u00f3n de Design Week Mexico: unir a la comunidad creativa, celebrar la diversidad y explorar las infinitas posibilidades del dise\u00f1o como lenguaje universal.<\/p>\n\n\n\n<p>Gracias a todas y todos quienes formaron parte de esta celebraci\u00f3n del dise\u00f1o y el arte-objeto contempor\u00e1neo mexicano.<\/p>\n<\/div>\n\n\n\n<div class=\"wp-block-column is-layout-flow wp-block-column-is-layout-flow\">\n<figure class=\"wp-block-image size-full\"><img fetchpriority=\"high\" decoding=\"async\" width=\"2048\" height=\"2560\" src=\"https:\/\/espaciocdmx.com\/wp-content\/uploads\/2025\/04\/Poster-Territorio-Portrait2-scaled.png\" alt=\"\" class=\"wp-image-2368\" srcset=\"https:\/\/espaciocdmx.com\/wp-content\/uploads\/2025\/04\/Poster-Territorio-Portrait2-scaled.png 2048w, https:\/\/espaciocdmx.com\/wp-content\/uploads\/2025\/04\/Poster-Territorio-Portrait2-240x300.png 240w, https:\/\/espaciocdmx.com\/wp-content\/uploads\/2025\/04\/Poster-Territorio-Portrait2-819x1024.png 819w, https:\/\/espaciocdmx.com\/wp-content\/uploads\/2025\/04\/Poster-Territorio-Portrait2-768x960.png 768w, https:\/\/espaciocdmx.com\/wp-content\/uploads\/2025\/04\/Poster-Territorio-Portrait2-1229x1536.png 1229w, https:\/\/espaciocdmx.com\/wp-content\/uploads\/2025\/04\/Poster-Territorio-Portrait2-1638x2048.png 1638w, https:\/\/espaciocdmx.com\/wp-content\/uploads\/2025\/04\/Poster-Territorio-Portrait2-10x12.png 10w\" sizes=\"(max-width: 2048px) 100vw, 2048px\" \/><\/figure>\n<\/div>\n<\/div>\n\n\n\n<hr class=\"wp-block-separator has-alpha-channel-opacity is-style-wide\"\/>\n\n\n\n<h4 class=\"wp-block-heading\">DETAILS<\/h4>\n\n\n\n<div class=\"wp-block-columns is-layout-flex wp-container-core-columns-is-layout-28f84493 wp-block-columns-is-layout-flex\">\n<div class=\"wp-block-column is-layout-flow wp-block-column-is-layout-flow\">\n<p><strong>EXHIBITION<\/strong><br>5\u20139 Febrero 2025<\/p>\n\n\n\n<p><strong>HOURS<\/strong><br>5\u20139 Febrero:<br>10:00h &#8211; 18:00h<\/p>\n\n\n\n<p>Free entry<\/p>\n<\/div>\n\n\n\n<div class=\"wp-block-column is-layout-flow wp-block-column-is-layout-flow\">\n<p><strong>ENTRADAS<\/strong><br><a href=\"https:\/\/feriaterritorio.eventbrite.com\">https:\/\/feriaterritorio.eventbrite.com<br><\/a><\/p>\n<\/div>\n\n\n\n<div class=\"wp-block-column is-layout-flow wp-block-column-is-layout-flow\">\n<p><strong>VENUE<\/strong><br><strong>Espacio CDMX Architecture and Design<br><\/strong>Av. de los Compositores 4,<br>Bosque de Chapultepec II Secc,<br>Alcald\u00eda Miguel Hidalgo,&nbsp;Ciudad de M\u00e9xico&nbsp;11100<br>Mexico<br><a href=\"https:\/\/maps.google.com\/maps?f=q&amp;source=s_q&amp;geocode=&amp;q=Alcald%C3%ADa%20Miguel%20Hidalgo%2C%20Av.%20de%20los%20Compositores%204%2C%20Bosque%20de%20Chapultepec%20II%20Secc%2C%2C%20Ciudad%20de%20M%C3%A9xico%2C%2011100%2C%20Mexico\" target=\"_blank\" rel=\"noreferrer noopener\">+ Google Map<\/a><\/p>\n\n\n\n<iframe src=\"https:\/\/www.google.com\/maps\/embed?pb=!1m18!1m12!1m3!1d3763.026346588187!2d-99.20500838412973!3d19.41126758689633!2m3!1f0!2f0!3f0!3m2!1i1024!2i768!4f13.1!3m3!1m2!1s0x85d201e8c4690341%3A0xdf5969e834e449e!2sEspacio%20CDMX%2C%20Arquitectura%20y%20Dise%C3%B1o!5e0!3m2!1ses!2smx!4v1663962677168!5m2!1ses!2smx\" width=\"600\" height=\"200\" style=\"border:0;\" allowfullscreen=\"\" loading=\"lazy\" referrerpolicy=\"no-referrer-when-downgrade\"><\/iframe>\n<\/div>\n<\/div>\n\n\n\n<hr class=\"wp-block-separator has-alpha-channel-opacity is-style-wide\"\/>\n\n\n\n<figure class=\"wp-block-image size-full\"><img decoding=\"async\" width=\"2048\" height=\"1365\" src=\"https:\/\/espaciocdmx.com\/wp-content\/uploads\/2025\/04\/delbo.foto-FeriaTRT2025-13.jpg\" alt=\"\" class=\"wp-image-2346\" srcset=\"https:\/\/espaciocdmx.com\/wp-content\/uploads\/2025\/04\/delbo.foto-FeriaTRT2025-13.jpg 2048w, https:\/\/espaciocdmx.com\/wp-content\/uploads\/2025\/04\/delbo.foto-FeriaTRT2025-13-300x200.jpg 300w, https:\/\/espaciocdmx.com\/wp-content\/uploads\/2025\/04\/delbo.foto-FeriaTRT2025-13-1024x683.jpg 1024w, https:\/\/espaciocdmx.com\/wp-content\/uploads\/2025\/04\/delbo.foto-FeriaTRT2025-13-768x512.jpg 768w, https:\/\/espaciocdmx.com\/wp-content\/uploads\/2025\/04\/delbo.foto-FeriaTRT2025-13-1536x1024.jpg 1536w, https:\/\/espaciocdmx.com\/wp-content\/uploads\/2025\/04\/delbo.foto-FeriaTRT2025-13-18x12.jpg 18w, https:\/\/espaciocdmx.com\/wp-content\/uploads\/2025\/04\/delbo.foto-FeriaTRT2025-13-272x182.jpg 272w\" sizes=\"(max-width: 2048px) 100vw, 2048px\" \/><\/figure>\n\n\n\n<p class=\"has-small-font-size\">Fotograf\u00eda por: <a href=\"https:\/\/www.instagram.com\/delbo.foto\/\">Cynthia del Bosque<\/a><\/p>\n\n\n\n<figure class=\"wp-block-gallery has-nested-images columns-3 is-style-rectangular wp-block-gallery-1 is-layout-flex wp-block-gallery-is-layout-flex\">\n<figure class=\"wp-block-image size-full\"><img decoding=\"async\" width=\"2048\" height=\"1365\" data-id=\"2347\" src=\"https:\/\/espaciocdmx.com\/wp-content\/uploads\/2025\/04\/delbo.foto-FeriaTRT2025-03.jpg\" alt=\"\" class=\"wp-image-2347\" srcset=\"https:\/\/espaciocdmx.com\/wp-content\/uploads\/2025\/04\/delbo.foto-FeriaTRT2025-03.jpg 2048w, https:\/\/espaciocdmx.com\/wp-content\/uploads\/2025\/04\/delbo.foto-FeriaTRT2025-03-300x200.jpg 300w, https:\/\/espaciocdmx.com\/wp-content\/uploads\/2025\/04\/delbo.foto-FeriaTRT2025-03-1024x683.jpg 1024w, https:\/\/espaciocdmx.com\/wp-content\/uploads\/2025\/04\/delbo.foto-FeriaTRT2025-03-768x512.jpg 768w, https:\/\/espaciocdmx.com\/wp-content\/uploads\/2025\/04\/delbo.foto-FeriaTRT2025-03-1536x1024.jpg 1536w, https:\/\/espaciocdmx.com\/wp-content\/uploads\/2025\/04\/delbo.foto-FeriaTRT2025-03-18x12.jpg 18w, https:\/\/espaciocdmx.com\/wp-content\/uploads\/2025\/04\/delbo.foto-FeriaTRT2025-03-272x182.jpg 272w\" sizes=\"(max-width: 2048px) 100vw, 2048px\" \/><\/figure>\n\n\n\n<figure class=\"wp-block-image size-full\"><img loading=\"lazy\" decoding=\"async\" width=\"2048\" height=\"1365\" data-id=\"2348\" src=\"https:\/\/espaciocdmx.com\/wp-content\/uploads\/2025\/04\/delbo.foto-FeriaTRT2025-07.jpg\" alt=\"\" class=\"wp-image-2348\" srcset=\"https:\/\/espaciocdmx.com\/wp-content\/uploads\/2025\/04\/delbo.foto-FeriaTRT2025-07.jpg 2048w, https:\/\/espaciocdmx.com\/wp-content\/uploads\/2025\/04\/delbo.foto-FeriaTRT2025-07-300x200.jpg 300w, https:\/\/espaciocdmx.com\/wp-content\/uploads\/2025\/04\/delbo.foto-FeriaTRT2025-07-1024x683.jpg 1024w, https:\/\/espaciocdmx.com\/wp-content\/uploads\/2025\/04\/delbo.foto-FeriaTRT2025-07-768x512.jpg 768w, https:\/\/espaciocdmx.com\/wp-content\/uploads\/2025\/04\/delbo.foto-FeriaTRT2025-07-1536x1024.jpg 1536w, https:\/\/espaciocdmx.com\/wp-content\/uploads\/2025\/04\/delbo.foto-FeriaTRT2025-07-18x12.jpg 18w, https:\/\/espaciocdmx.com\/wp-content\/uploads\/2025\/04\/delbo.foto-FeriaTRT2025-07-272x182.jpg 272w\" sizes=\"(max-width: 2048px) 100vw, 2048px\" \/><\/figure>\n\n\n\n<figure class=\"wp-block-image size-full\"><img loading=\"lazy\" decoding=\"async\" width=\"2048\" height=\"1365\" data-id=\"2349\" src=\"https:\/\/espaciocdmx.com\/wp-content\/uploads\/2025\/04\/delbo.foto-FeriaTRT2025-08.jpg\" alt=\"\" class=\"wp-image-2349\" srcset=\"https:\/\/espaciocdmx.com\/wp-content\/uploads\/2025\/04\/delbo.foto-FeriaTRT2025-08.jpg 2048w, https:\/\/espaciocdmx.com\/wp-content\/uploads\/2025\/04\/delbo.foto-FeriaTRT2025-08-300x200.jpg 300w, https:\/\/espaciocdmx.com\/wp-content\/uploads\/2025\/04\/delbo.foto-FeriaTRT2025-08-1024x683.jpg 1024w, https:\/\/espaciocdmx.com\/wp-content\/uploads\/2025\/04\/delbo.foto-FeriaTRT2025-08-768x512.jpg 768w, https:\/\/espaciocdmx.com\/wp-content\/uploads\/2025\/04\/delbo.foto-FeriaTRT2025-08-1536x1024.jpg 1536w, https:\/\/espaciocdmx.com\/wp-content\/uploads\/2025\/04\/delbo.foto-FeriaTRT2025-08-18x12.jpg 18w, https:\/\/espaciocdmx.com\/wp-content\/uploads\/2025\/04\/delbo.foto-FeriaTRT2025-08-272x182.jpg 272w\" sizes=\"(max-width: 2048px) 100vw, 2048px\" \/><\/figure>\n\n\n\n<figure class=\"wp-block-image size-full\"><img loading=\"lazy\" decoding=\"async\" width=\"2048\" height=\"1365\" data-id=\"2350\" src=\"https:\/\/espaciocdmx.com\/wp-content\/uploads\/2025\/04\/delbo.foto-FeriaTRT2025-09.jpg\" alt=\"\" class=\"wp-image-2350\" srcset=\"https:\/\/espaciocdmx.com\/wp-content\/uploads\/2025\/04\/delbo.foto-FeriaTRT2025-09.jpg 2048w, https:\/\/espaciocdmx.com\/wp-content\/uploads\/2025\/04\/delbo.foto-FeriaTRT2025-09-300x200.jpg 300w, https:\/\/espaciocdmx.com\/wp-content\/uploads\/2025\/04\/delbo.foto-FeriaTRT2025-09-1024x683.jpg 1024w, https:\/\/espaciocdmx.com\/wp-content\/uploads\/2025\/04\/delbo.foto-FeriaTRT2025-09-768x512.jpg 768w, https:\/\/espaciocdmx.com\/wp-content\/uploads\/2025\/04\/delbo.foto-FeriaTRT2025-09-1536x1024.jpg 1536w, https:\/\/espaciocdmx.com\/wp-content\/uploads\/2025\/04\/delbo.foto-FeriaTRT2025-09-18x12.jpg 18w, https:\/\/espaciocdmx.com\/wp-content\/uploads\/2025\/04\/delbo.foto-FeriaTRT2025-09-272x182.jpg 272w\" sizes=\"(max-width: 2048px) 100vw, 2048px\" \/><\/figure>\n\n\n\n<figure class=\"wp-block-image size-full\"><img loading=\"lazy\" decoding=\"async\" width=\"2048\" height=\"1365\" data-id=\"2351\" src=\"https:\/\/espaciocdmx.com\/wp-content\/uploads\/2025\/04\/delbo.foto-FeriaTRT2025-10.jpg\" alt=\"\" class=\"wp-image-2351\" srcset=\"https:\/\/espaciocdmx.com\/wp-content\/uploads\/2025\/04\/delbo.foto-FeriaTRT2025-10.jpg 2048w, https:\/\/espaciocdmx.com\/wp-content\/uploads\/2025\/04\/delbo.foto-FeriaTRT2025-10-300x200.jpg 300w, https:\/\/espaciocdmx.com\/wp-content\/uploads\/2025\/04\/delbo.foto-FeriaTRT2025-10-1024x683.jpg 1024w, https:\/\/espaciocdmx.com\/wp-content\/uploads\/2025\/04\/delbo.foto-FeriaTRT2025-10-768x512.jpg 768w, https:\/\/espaciocdmx.com\/wp-content\/uploads\/2025\/04\/delbo.foto-FeriaTRT2025-10-1536x1024.jpg 1536w, https:\/\/espaciocdmx.com\/wp-content\/uploads\/2025\/04\/delbo.foto-FeriaTRT2025-10-18x12.jpg 18w, https:\/\/espaciocdmx.com\/wp-content\/uploads\/2025\/04\/delbo.foto-FeriaTRT2025-10-272x182.jpg 272w\" sizes=\"(max-width: 2048px) 100vw, 2048px\" \/><\/figure>\n\n\n\n<figure class=\"wp-block-image size-full\"><img loading=\"lazy\" decoding=\"async\" width=\"2048\" height=\"1365\" data-id=\"2352\" src=\"https:\/\/espaciocdmx.com\/wp-content\/uploads\/2025\/04\/delbo.foto-FeriaTRT2025-11.jpg\" alt=\"\" class=\"wp-image-2352\" srcset=\"https:\/\/espaciocdmx.com\/wp-content\/uploads\/2025\/04\/delbo.foto-FeriaTRT2025-11.jpg 2048w, https:\/\/espaciocdmx.com\/wp-content\/uploads\/2025\/04\/delbo.foto-FeriaTRT2025-11-300x200.jpg 300w, https:\/\/espaciocdmx.com\/wp-content\/uploads\/2025\/04\/delbo.foto-FeriaTRT2025-11-1024x683.jpg 1024w, https:\/\/espaciocdmx.com\/wp-content\/uploads\/2025\/04\/delbo.foto-FeriaTRT2025-11-768x512.jpg 768w, https:\/\/espaciocdmx.com\/wp-content\/uploads\/2025\/04\/delbo.foto-FeriaTRT2025-11-1536x1024.jpg 1536w, https:\/\/espaciocdmx.com\/wp-content\/uploads\/2025\/04\/delbo.foto-FeriaTRT2025-11-18x12.jpg 18w, https:\/\/espaciocdmx.com\/wp-content\/uploads\/2025\/04\/delbo.foto-FeriaTRT2025-11-272x182.jpg 272w\" sizes=\"(max-width: 2048px) 100vw, 2048px\" \/><\/figure>\n\n\n\n<figure class=\"wp-block-image size-full\"><img loading=\"lazy\" decoding=\"async\" width=\"2048\" height=\"1365\" data-id=\"2353\" src=\"https:\/\/espaciocdmx.com\/wp-content\/uploads\/2025\/04\/delbo.foto-FeriaTRT2025-26.jpg\" alt=\"\" class=\"wp-image-2353\" srcset=\"https:\/\/espaciocdmx.com\/wp-content\/uploads\/2025\/04\/delbo.foto-FeriaTRT2025-26.jpg 2048w, https:\/\/espaciocdmx.com\/wp-content\/uploads\/2025\/04\/delbo.foto-FeriaTRT2025-26-300x200.jpg 300w, https:\/\/espaciocdmx.com\/wp-content\/uploads\/2025\/04\/delbo.foto-FeriaTRT2025-26-1024x683.jpg 1024w, https:\/\/espaciocdmx.com\/wp-content\/uploads\/2025\/04\/delbo.foto-FeriaTRT2025-26-768x512.jpg 768w, https:\/\/espaciocdmx.com\/wp-content\/uploads\/2025\/04\/delbo.foto-FeriaTRT2025-26-1536x1024.jpg 1536w, https:\/\/espaciocdmx.com\/wp-content\/uploads\/2025\/04\/delbo.foto-FeriaTRT2025-26-18x12.jpg 18w, https:\/\/espaciocdmx.com\/wp-content\/uploads\/2025\/04\/delbo.foto-FeriaTRT2025-26-272x182.jpg 272w\" sizes=\"(max-width: 2048px) 100vw, 2048px\" \/><\/figure>\n\n\n\n<figure class=\"wp-block-image size-full\"><img loading=\"lazy\" decoding=\"async\" width=\"2048\" height=\"1365\" data-id=\"2354\" src=\"https:\/\/espaciocdmx.com\/wp-content\/uploads\/2025\/04\/delbo.foto-FeriaTRT2025-32.jpg\" alt=\"\" class=\"wp-image-2354\" srcset=\"https:\/\/espaciocdmx.com\/wp-content\/uploads\/2025\/04\/delbo.foto-FeriaTRT2025-32.jpg 2048w, https:\/\/espaciocdmx.com\/wp-content\/uploads\/2025\/04\/delbo.foto-FeriaTRT2025-32-300x200.jpg 300w, https:\/\/espaciocdmx.com\/wp-content\/uploads\/2025\/04\/delbo.foto-FeriaTRT2025-32-1024x683.jpg 1024w, https:\/\/espaciocdmx.com\/wp-content\/uploads\/2025\/04\/delbo.foto-FeriaTRT2025-32-768x512.jpg 768w, https:\/\/espaciocdmx.com\/wp-content\/uploads\/2025\/04\/delbo.foto-FeriaTRT2025-32-1536x1024.jpg 1536w, https:\/\/espaciocdmx.com\/wp-content\/uploads\/2025\/04\/delbo.foto-FeriaTRT2025-32-18x12.jpg 18w, https:\/\/espaciocdmx.com\/wp-content\/uploads\/2025\/04\/delbo.foto-FeriaTRT2025-32-272x182.jpg 272w\" sizes=\"(max-width: 2048px) 100vw, 2048px\" \/><\/figure>\n\n\n\n<figure class=\"wp-block-image size-full\"><img loading=\"lazy\" decoding=\"async\" width=\"2048\" height=\"1365\" data-id=\"2355\" src=\"https:\/\/espaciocdmx.com\/wp-content\/uploads\/2025\/04\/delbo.foto-FeriaTRT2025-33.jpg\" alt=\"\" class=\"wp-image-2355\" srcset=\"https:\/\/espaciocdmx.com\/wp-content\/uploads\/2025\/04\/delbo.foto-FeriaTRT2025-33.jpg 2048w, https:\/\/espaciocdmx.com\/wp-content\/uploads\/2025\/04\/delbo.foto-FeriaTRT2025-33-300x200.jpg 300w, https:\/\/espaciocdmx.com\/wp-content\/uploads\/2025\/04\/delbo.foto-FeriaTRT2025-33-1024x683.jpg 1024w, https:\/\/espaciocdmx.com\/wp-content\/uploads\/2025\/04\/delbo.foto-FeriaTRT2025-33-768x512.jpg 768w, https:\/\/espaciocdmx.com\/wp-content\/uploads\/2025\/04\/delbo.foto-FeriaTRT2025-33-1536x1024.jpg 1536w, https:\/\/espaciocdmx.com\/wp-content\/uploads\/2025\/04\/delbo.foto-FeriaTRT2025-33-18x12.jpg 18w, https:\/\/espaciocdmx.com\/wp-content\/uploads\/2025\/04\/delbo.foto-FeriaTRT2025-33-272x182.jpg 272w\" sizes=\"(max-width: 2048px) 100vw, 2048px\" \/><\/figure>\n\n\n\n<figure class=\"wp-block-image size-full\"><img loading=\"lazy\" decoding=\"async\" width=\"2048\" height=\"1365\" data-id=\"2356\" src=\"https:\/\/espaciocdmx.com\/wp-content\/uploads\/2025\/04\/delbo.foto-FeriaTRT2025-38.jpg\" alt=\"\" class=\"wp-image-2356\" srcset=\"https:\/\/espaciocdmx.com\/wp-content\/uploads\/2025\/04\/delbo.foto-FeriaTRT2025-38.jpg 2048w, https:\/\/espaciocdmx.com\/wp-content\/uploads\/2025\/04\/delbo.foto-FeriaTRT2025-38-300x200.jpg 300w, https:\/\/espaciocdmx.com\/wp-content\/uploads\/2025\/04\/delbo.foto-FeriaTRT2025-38-1024x683.jpg 1024w, https:\/\/espaciocdmx.com\/wp-content\/uploads\/2025\/04\/delbo.foto-FeriaTRT2025-38-768x512.jpg 768w, https:\/\/espaciocdmx.com\/wp-content\/uploads\/2025\/04\/delbo.foto-FeriaTRT2025-38-1536x1024.jpg 1536w, https:\/\/espaciocdmx.com\/wp-content\/uploads\/2025\/04\/delbo.foto-FeriaTRT2025-38-18x12.jpg 18w, https:\/\/espaciocdmx.com\/wp-content\/uploads\/2025\/04\/delbo.foto-FeriaTRT2025-38-272x182.jpg 272w\" sizes=\"(max-width: 2048px) 100vw, 2048px\" \/><\/figure>\n\n\n\n<figure class=\"wp-block-image size-full\"><img loading=\"lazy\" decoding=\"async\" width=\"2048\" height=\"1365\" data-id=\"2357\" src=\"https:\/\/espaciocdmx.com\/wp-content\/uploads\/2025\/04\/delbo.foto-FeriaTRT2025-41.jpg\" alt=\"\" class=\"wp-image-2357\" srcset=\"https:\/\/espaciocdmx.com\/wp-content\/uploads\/2025\/04\/delbo.foto-FeriaTRT2025-41.jpg 2048w, https:\/\/espaciocdmx.com\/wp-content\/uploads\/2025\/04\/delbo.foto-FeriaTRT2025-41-300x200.jpg 300w, https:\/\/espaciocdmx.com\/wp-content\/uploads\/2025\/04\/delbo.foto-FeriaTRT2025-41-1024x683.jpg 1024w, https:\/\/espaciocdmx.com\/wp-content\/uploads\/2025\/04\/delbo.foto-FeriaTRT2025-41-768x512.jpg 768w, https:\/\/espaciocdmx.com\/wp-content\/uploads\/2025\/04\/delbo.foto-FeriaTRT2025-41-1536x1024.jpg 1536w, https:\/\/espaciocdmx.com\/wp-content\/uploads\/2025\/04\/delbo.foto-FeriaTRT2025-41-18x12.jpg 18w, https:\/\/espaciocdmx.com\/wp-content\/uploads\/2025\/04\/delbo.foto-FeriaTRT2025-41-272x182.jpg 272w\" sizes=\"(max-width: 2048px) 100vw, 2048px\" \/><\/figure>\n\n\n\n<figure class=\"wp-block-image size-full\"><img loading=\"lazy\" decoding=\"async\" width=\"2048\" height=\"1365\" data-id=\"2358\" src=\"https:\/\/espaciocdmx.com\/wp-content\/uploads\/2025\/04\/delbo.foto-FeriaTRT2025-45.jpg\" alt=\"\" class=\"wp-image-2358\" srcset=\"https:\/\/espaciocdmx.com\/wp-content\/uploads\/2025\/04\/delbo.foto-FeriaTRT2025-45.jpg 2048w, https:\/\/espaciocdmx.com\/wp-content\/uploads\/2025\/04\/delbo.foto-FeriaTRT2025-45-300x200.jpg 300w, https:\/\/espaciocdmx.com\/wp-content\/uploads\/2025\/04\/delbo.foto-FeriaTRT2025-45-1024x683.jpg 1024w, https:\/\/espaciocdmx.com\/wp-content\/uploads\/2025\/04\/delbo.foto-FeriaTRT2025-45-768x512.jpg 768w, https:\/\/espaciocdmx.com\/wp-content\/uploads\/2025\/04\/delbo.foto-FeriaTRT2025-45-1536x1024.jpg 1536w, https:\/\/espaciocdmx.com\/wp-content\/uploads\/2025\/04\/delbo.foto-FeriaTRT2025-45-18x12.jpg 18w, https:\/\/espaciocdmx.com\/wp-content\/uploads\/2025\/04\/delbo.foto-FeriaTRT2025-45-272x182.jpg 272w\" sizes=\"(max-width: 2048px) 100vw, 2048px\" \/><\/figure>\n<\/figure>\n\n\n\n<figure class=\"wp-block-gallery has-nested-images columns-4 wp-block-gallery-2 is-layout-flex wp-block-gallery-is-layout-flex\">\n<figure class=\"wp-block-image size-full\"><img loading=\"lazy\" decoding=\"async\" width=\"1365\" height=\"2048\" data-id=\"2359\" src=\"https:\/\/espaciocdmx.com\/wp-content\/uploads\/2025\/04\/delbo.foto-FeriaTRT2025-16.jpg\" alt=\"\" class=\"wp-image-2359\" srcset=\"https:\/\/espaciocdmx.com\/wp-content\/uploads\/2025\/04\/delbo.foto-FeriaTRT2025-16.jpg 1365w, https:\/\/espaciocdmx.com\/wp-content\/uploads\/2025\/04\/delbo.foto-FeriaTRT2025-16-200x300.jpg 200w, https:\/\/espaciocdmx.com\/wp-content\/uploads\/2025\/04\/delbo.foto-FeriaTRT2025-16-683x1024.jpg 683w, https:\/\/espaciocdmx.com\/wp-content\/uploads\/2025\/04\/delbo.foto-FeriaTRT2025-16-768x1152.jpg 768w, https:\/\/espaciocdmx.com\/wp-content\/uploads\/2025\/04\/delbo.foto-FeriaTRT2025-16-1024x1536.jpg 1024w, https:\/\/espaciocdmx.com\/wp-content\/uploads\/2025\/04\/delbo.foto-FeriaTRT2025-16-8x12.jpg 8w\" sizes=\"(max-width: 1365px) 100vw, 1365px\" \/><\/figure>\n\n\n\n<figure class=\"wp-block-image size-full\"><img loading=\"lazy\" decoding=\"async\" width=\"1365\" height=\"2048\" data-id=\"2360\" src=\"https:\/\/espaciocdmx.com\/wp-content\/uploads\/2025\/04\/delbo.foto-FeriaTRT2025-20.jpg\" alt=\"\" class=\"wp-image-2360\" srcset=\"https:\/\/espaciocdmx.com\/wp-content\/uploads\/2025\/04\/delbo.foto-FeriaTRT2025-20.jpg 1365w, https:\/\/espaciocdmx.com\/wp-content\/uploads\/2025\/04\/delbo.foto-FeriaTRT2025-20-200x300.jpg 200w, https:\/\/espaciocdmx.com\/wp-content\/uploads\/2025\/04\/delbo.foto-FeriaTRT2025-20-683x1024.jpg 683w, https:\/\/espaciocdmx.com\/wp-content\/uploads\/2025\/04\/delbo.foto-FeriaTRT2025-20-768x1152.jpg 768w, https:\/\/espaciocdmx.com\/wp-content\/uploads\/2025\/04\/delbo.foto-FeriaTRT2025-20-1024x1536.jpg 1024w, https:\/\/espaciocdmx.com\/wp-content\/uploads\/2025\/04\/delbo.foto-FeriaTRT2025-20-8x12.jpg 8w\" sizes=\"(max-width: 1365px) 100vw, 1365px\" \/><\/figure>\n\n\n\n<figure class=\"wp-block-image size-full\"><img loading=\"lazy\" decoding=\"async\" width=\"1365\" height=\"2048\" data-id=\"2361\" src=\"https:\/\/espaciocdmx.com\/wp-content\/uploads\/2025\/04\/delbo.foto-FeriaTRT2025-21.jpg\" alt=\"\" class=\"wp-image-2361\" srcset=\"https:\/\/espaciocdmx.com\/wp-content\/uploads\/2025\/04\/delbo.foto-FeriaTRT2025-21.jpg 1365w, https:\/\/espaciocdmx.com\/wp-content\/uploads\/2025\/04\/delbo.foto-FeriaTRT2025-21-200x300.jpg 200w, https:\/\/espaciocdmx.com\/wp-content\/uploads\/2025\/04\/delbo.foto-FeriaTRT2025-21-683x1024.jpg 683w, https:\/\/espaciocdmx.com\/wp-content\/uploads\/2025\/04\/delbo.foto-FeriaTRT2025-21-768x1152.jpg 768w, https:\/\/espaciocdmx.com\/wp-content\/uploads\/2025\/04\/delbo.foto-FeriaTRT2025-21-1024x1536.jpg 1024w, https:\/\/espaciocdmx.com\/wp-content\/uploads\/2025\/04\/delbo.foto-FeriaTRT2025-21-8x12.jpg 8w\" sizes=\"(max-width: 1365px) 100vw, 1365px\" \/><\/figure>\n\n\n\n<figure class=\"wp-block-image size-full\"><img loading=\"lazy\" decoding=\"async\" width=\"1365\" height=\"2048\" data-id=\"2362\" src=\"https:\/\/espaciocdmx.com\/wp-content\/uploads\/2025\/04\/delbo.foto-FeriaTRT2025-47.jpg\" alt=\"\" class=\"wp-image-2362\" srcset=\"https:\/\/espaciocdmx.com\/wp-content\/uploads\/2025\/04\/delbo.foto-FeriaTRT2025-47.jpg 1365w, https:\/\/espaciocdmx.com\/wp-content\/uploads\/2025\/04\/delbo.foto-FeriaTRT2025-47-200x300.jpg 200w, https:\/\/espaciocdmx.com\/wp-content\/uploads\/2025\/04\/delbo.foto-FeriaTRT2025-47-683x1024.jpg 683w, https:\/\/espaciocdmx.com\/wp-content\/uploads\/2025\/04\/delbo.foto-FeriaTRT2025-47-768x1152.jpg 768w, https:\/\/espaciocdmx.com\/wp-content\/uploads\/2025\/04\/delbo.foto-FeriaTRT2025-47-1024x1536.jpg 1024w, https:\/\/espaciocdmx.com\/wp-content\/uploads\/2025\/04\/delbo.foto-FeriaTRT2025-47-8x12.jpg 8w\" sizes=\"(max-width: 1365px) 100vw, 1365px\" \/><\/figure>\n<\/figure>\n\n\n\n<figure class=\"wp-block-image size-full\"><img loading=\"lazy\" decoding=\"async\" width=\"2048\" height=\"1365\" src=\"https:\/\/espaciocdmx.com\/wp-content\/uploads\/2025\/04\/delbo.foto-FeriaTRT2025-35.jpg\" alt=\"\" class=\"wp-image-2363\" srcset=\"https:\/\/espaciocdmx.com\/wp-content\/uploads\/2025\/04\/delbo.foto-FeriaTRT2025-35.jpg 2048w, https:\/\/espaciocdmx.com\/wp-content\/uploads\/2025\/04\/delbo.foto-FeriaTRT2025-35-300x200.jpg 300w, https:\/\/espaciocdmx.com\/wp-content\/uploads\/2025\/04\/delbo.foto-FeriaTRT2025-35-1024x683.jpg 1024w, https:\/\/espaciocdmx.com\/wp-content\/uploads\/2025\/04\/delbo.foto-FeriaTRT2025-35-768x512.jpg 768w, https:\/\/espaciocdmx.com\/wp-content\/uploads\/2025\/04\/delbo.foto-FeriaTRT2025-35-1536x1024.jpg 1536w, https:\/\/espaciocdmx.com\/wp-content\/uploads\/2025\/04\/delbo.foto-FeriaTRT2025-35-18x12.jpg 18w, https:\/\/espaciocdmx.com\/wp-content\/uploads\/2025\/04\/delbo.foto-FeriaTRT2025-35-272x182.jpg 272w\" sizes=\"(max-width: 2048px) 100vw, 2048px\" \/><\/figure>\n\n\n\n<p class=\"has-small-font-size\">Fotograf\u00eda por: <a href=\"https:\/\/www.instagram.com\/delbo.foto\/\">Cynthia del Bosque<\/a><\/p>","protected":false},"excerpt":{"rendered":"<p>Del 5 al 9 de febrero, se llev\u00f3 a cabo la primera edici\u00f3n de la Feria Territorio, un espacio que celebr\u00f3 la convergencia entre lo artesanal y lo contempor\u00e1neo en el marco de la Semana del Arte de CDMX.<\/p>","protected":false},"author":1,"featured_media":2368,"comment_status":"open","ping_status":"closed","sticky":false,"template":"","format":"standard","meta":{"_jetpack_memberships_contains_paid_content":false,"footnotes":""},"categories":[11,48],"tags":[],"class_list":["post-2345","post","type-post","status-publish","format-standard","has-post-thumbnail","hentry","category-exposiciones","category-ferias"],"blocksy_meta":[],"yoast_head":"<!-- This site is optimized with the Yoast SEO plugin v27.0 - https:\/\/yoast.com\/product\/yoast-seo-wordpress\/ -->\n<title>Feria Territorio: Dise\u00f1o y Arte Objeto Mexicano | Espacio CDMX<\/title>\n<meta name=\"robots\" content=\"index, follow, max-snippet:-1, max-image-preview:large, max-video-preview:-1\" \/>\n<link rel=\"canonical\" href=\"https:\/\/espaciocdmx.com\/en\/programacion\/ferias\/feria-territorio-diseno-y-arte-objeto-mexicano\/\" \/>\n<meta property=\"og:locale\" content=\"en_US\" \/>\n<meta property=\"og:type\" content=\"article\" \/>\n<meta property=\"og:title\" content=\"Feria Territorio: Dise\u00f1o y Arte Objeto Mexicano | Espacio CDMX\" \/>\n<meta property=\"og:description\" content=\"Del 5 al 9 de febrero, se llev\u00f3 a cabo la primera edici\u00f3n de la Feria Territorio, un espacio que celebr\u00f3 la convergencia entre lo artesanal y lo contempor\u00e1neo en el marco de la Semana del Arte de CDMX.\" \/>\n<meta property=\"og:url\" content=\"https:\/\/espaciocdmx.com\/en\/programacion\/ferias\/feria-territorio-diseno-y-arte-objeto-mexicano\/\" \/>\n<meta property=\"og:site_name\" content=\"Espacio CDMX\" \/>\n<meta property=\"article:publisher\" content=\"https:\/\/www.facebook.com\/espacio.cdmx.arq\" \/>\n<meta property=\"article:published_time\" content=\"2025-04-22T18:51:57+00:00\" \/>\n<meta property=\"article:modified_time\" content=\"2025-04-22T19:13:54+00:00\" \/>\n<meta property=\"og:image\" content=\"https:\/\/espaciocdmx.com\/wp-content\/uploads\/2025\/04\/Poster-Territorio-Portrait2-scaled.png\" \/>\n\t<meta property=\"og:image:width\" content=\"2048\" \/>\n\t<meta property=\"og:image:height\" content=\"2560\" \/>\n\t<meta property=\"og:image:type\" content=\"image\/png\" \/>\n<meta name=\"author\" content=\"Espacio CDMX\" \/>\n<meta name=\"twitter:card\" content=\"summary_large_image\" \/>\n<meta name=\"twitter:creator\" content=\"@espacio_cdmx\" \/>\n<meta name=\"twitter:site\" content=\"@espacio_cdmx\" \/>\n<meta name=\"twitter:label1\" content=\"Written by\" \/>\n\t<meta name=\"twitter:data1\" content=\"Espacio CDMX\" \/>\n\t<meta name=\"twitter:label2\" content=\"Est. reading time\" \/>\n\t<meta name=\"twitter:data2\" content=\"5 minutes\" \/>\n<script type=\"application\/ld+json\" class=\"yoast-schema-graph\">{\"@context\":\"https:\/\/schema.org\",\"@graph\":[{\"@type\":\"Article\",\"@id\":\"https:\/\/espaciocdmx.com\/programacion\/ferias\/feria-territorio-diseno-y-arte-objeto-mexicano\/#article\",\"isPartOf\":{\"@id\":\"https:\/\/espaciocdmx.com\/programacion\/ferias\/feria-territorio-diseno-y-arte-objeto-mexicano\/\"},\"author\":{\"name\":\"Espacio CDMX\",\"@id\":\"https:\/\/espaciocdmx.com\/#\/schema\/person\/6ac72de843ce216e6a1d4cfe0dae8024\"},\"headline\":\"Feria Territorio: Dise\u00f1o y Arte Objeto Mexicano\",\"datePublished\":\"2025-04-22T18:51:57+00:00\",\"dateModified\":\"2025-04-22T19:13:54+00:00\",\"mainEntityOfPage\":{\"@id\":\"https:\/\/espaciocdmx.com\/programacion\/ferias\/feria-territorio-diseno-y-arte-objeto-mexicano\/\"},\"wordCount\":223,\"commentCount\":0,\"publisher\":{\"@id\":\"https:\/\/espaciocdmx.com\/#organization\"},\"image\":{\"@id\":\"https:\/\/espaciocdmx.com\/programacion\/ferias\/feria-territorio-diseno-y-arte-objeto-mexicano\/#primaryimage\"},\"thumbnailUrl\":\"https:\/\/espaciocdmx.com\/wp-content\/uploads\/2025\/04\/Poster-Territorio-Portrait2-scaled.png\",\"articleSection\":[\"Exposiciones\",\"Ferias\"],\"inLanguage\":\"en-US\",\"potentialAction\":[{\"@type\":\"CommentAction\",\"name\":\"Comment\",\"target\":[\"https:\/\/espaciocdmx.com\/programacion\/ferias\/feria-territorio-diseno-y-arte-objeto-mexicano\/#respond\"]}]},{\"@type\":\"WebPage\",\"@id\":\"https:\/\/espaciocdmx.com\/programacion\/ferias\/feria-territorio-diseno-y-arte-objeto-mexicano\/\",\"url\":\"https:\/\/espaciocdmx.com\/programacion\/ferias\/feria-territorio-diseno-y-arte-objeto-mexicano\/\",\"name\":\"Feria Territorio: Dise\u00f1o y Arte Objeto Mexicano | Espacio CDMX\",\"isPartOf\":{\"@id\":\"https:\/\/espaciocdmx.com\/#website\"},\"primaryImageOfPage\":{\"@id\":\"https:\/\/espaciocdmx.com\/programacion\/ferias\/feria-territorio-diseno-y-arte-objeto-mexicano\/#primaryimage\"},\"image\":{\"@id\":\"https:\/\/espaciocdmx.com\/programacion\/ferias\/feria-territorio-diseno-y-arte-objeto-mexicano\/#primaryimage\"},\"thumbnailUrl\":\"https:\/\/espaciocdmx.com\/wp-content\/uploads\/2025\/04\/Poster-Territorio-Portrait2-scaled.png\",\"datePublished\":\"2025-04-22T18:51:57+00:00\",\"dateModified\":\"2025-04-22T19:13:54+00:00\",\"breadcrumb\":{\"@id\":\"https:\/\/espaciocdmx.com\/programacion\/ferias\/feria-territorio-diseno-y-arte-objeto-mexicano\/#breadcrumb\"},\"inLanguage\":\"en-US\",\"potentialAction\":[{\"@type\":\"ReadAction\",\"target\":[\"https:\/\/espaciocdmx.com\/programacion\/ferias\/feria-territorio-diseno-y-arte-objeto-mexicano\/\"]}]},{\"@type\":\"ImageObject\",\"inLanguage\":\"en-US\",\"@id\":\"https:\/\/espaciocdmx.com\/programacion\/ferias\/feria-territorio-diseno-y-arte-objeto-mexicano\/#primaryimage\",\"url\":\"https:\/\/espaciocdmx.com\/wp-content\/uploads\/2025\/04\/Poster-Territorio-Portrait2-scaled.png\",\"contentUrl\":\"https:\/\/espaciocdmx.com\/wp-content\/uploads\/2025\/04\/Poster-Territorio-Portrait2-scaled.png\",\"width\":2048,\"height\":2560},{\"@type\":\"BreadcrumbList\",\"@id\":\"https:\/\/espaciocdmx.com\/programacion\/ferias\/feria-territorio-diseno-y-arte-objeto-mexicano\/#breadcrumb\",\"itemListElement\":[{\"@type\":\"ListItem\",\"position\":1,\"name\":\"Home\",\"item\":\"https:\/\/espaciocdmx.com\/\"},{\"@type\":\"ListItem\",\"position\":2,\"name\":\"Feria Territorio: Dise\u00f1o y Arte Objeto Mexicano\"}]},{\"@type\":\"WebSite\",\"@id\":\"https:\/\/espaciocdmx.com\/#website\",\"url\":\"https:\/\/espaciocdmx.com\/\",\"name\":\"Espacio CDMX\",\"description\":\"Arquitectura y Dise\u00f1o\",\"publisher\":{\"@id\":\"https:\/\/espaciocdmx.com\/#organization\"},\"potentialAction\":[{\"@type\":\"SearchAction\",\"target\":{\"@type\":\"EntryPoint\",\"urlTemplate\":\"https:\/\/espaciocdmx.com\/?s={search_term_string}\"},\"query-input\":{\"@type\":\"PropertyValueSpecification\",\"valueRequired\":true,\"valueName\":\"search_term_string\"}}],\"inLanguage\":\"en-US\"},{\"@type\":\"Organization\",\"@id\":\"https:\/\/espaciocdmx.com\/#organization\",\"name\":\"Espacio CDMX Arquitectura y Dise\u00f1o\",\"url\":\"https:\/\/espaciocdmx.com\/\",\"logo\":{\"@type\":\"ImageObject\",\"inLanguage\":\"en-US\",\"@id\":\"https:\/\/espaciocdmx.com\/#\/schema\/logo\/image\/\",\"url\":\"https:\/\/i1.wp.com\/espaciocdmx.com\/wp-content\/uploads\/2019\/03\/Screen-Shot-2019-03-12-at-6.36.13-PM.png?fit=731%2C731&ssl=1\",\"contentUrl\":\"https:\/\/i1.wp.com\/espaciocdmx.com\/wp-content\/uploads\/2019\/03\/Screen-Shot-2019-03-12-at-6.36.13-PM.png?fit=731%2C731&ssl=1\",\"width\":731,\"height\":731,\"caption\":\"Espacio CDMX Arquitectura y Dise\u00f1o\"},\"image\":{\"@id\":\"https:\/\/espaciocdmx.com\/#\/schema\/logo\/image\/\"},\"sameAs\":[\"https:\/\/www.facebook.com\/espacio.cdmx.arq\",\"https:\/\/x.com\/espacio_cdmx\",\"https:\/\/www.instagram.com\/espacio_cdmx\/\"]},{\"@type\":\"Person\",\"@id\":\"https:\/\/espaciocdmx.com\/#\/schema\/person\/6ac72de843ce216e6a1d4cfe0dae8024\",\"name\":\"Espacio CDMX\",\"image\":{\"@type\":\"ImageObject\",\"inLanguage\":\"en-US\",\"@id\":\"https:\/\/espaciocdmx.com\/#\/schema\/person\/image\/\",\"url\":\"https:\/\/secure.gravatar.com\/avatar\/0830bfc50cafacf340fb14966c0f6cc5c88935cded635f38ae2ed050785fd609?s=96&d=mm&r=g\",\"contentUrl\":\"https:\/\/secure.gravatar.com\/avatar\/0830bfc50cafacf340fb14966c0f6cc5c88935cded635f38ae2ed050785fd609?s=96&d=mm&r=g\",\"caption\":\"Espacio CDMX\"}}]}<\/script>\n<!-- \/ Yoast SEO plugin. -->","yoast_head_json":{"title":"Feria Territorio: Dise\u00f1o y Arte Objeto Mexicano | Espacio CDMX","robots":{"index":"index","follow":"follow","max-snippet":"max-snippet:-1","max-image-preview":"max-image-preview:large","max-video-preview":"max-video-preview:-1"},"canonical":"https:\/\/espaciocdmx.com\/en\/programacion\/ferias\/feria-territorio-diseno-y-arte-objeto-mexicano\/","og_locale":"en_US","og_type":"article","og_title":"Feria Territorio: Dise\u00f1o y Arte Objeto Mexicano | Espacio CDMX","og_description":"Del 5 al 9 de febrero, se llev\u00f3 a cabo la primera edici\u00f3n de la Feria Territorio, un espacio que celebr\u00f3 la convergencia entre lo artesanal y lo contempor\u00e1neo en el marco de la Semana del Arte de CDMX.","og_url":"https:\/\/espaciocdmx.com\/en\/programacion\/ferias\/feria-territorio-diseno-y-arte-objeto-mexicano\/","og_site_name":"Espacio CDMX","article_publisher":"https:\/\/www.facebook.com\/espacio.cdmx.arq","article_published_time":"2025-04-22T18:51:57+00:00","article_modified_time":"2025-04-22T19:13:54+00:00","og_image":[{"width":2048,"height":2560,"url":"https:\/\/espaciocdmx.com\/wp-content\/uploads\/2025\/04\/Poster-Territorio-Portrait2-scaled.png","type":"image\/png"}],"author":"Espacio CDMX","twitter_card":"summary_large_image","twitter_creator":"@espacio_cdmx","twitter_site":"@espacio_cdmx","twitter_misc":{"Written by":"Espacio CDMX","Est. reading time":"5 minutes"},"schema":{"@context":"https:\/\/schema.org","@graph":[{"@type":"Article","@id":"https:\/\/espaciocdmx.com\/programacion\/ferias\/feria-territorio-diseno-y-arte-objeto-mexicano\/#article","isPartOf":{"@id":"https:\/\/espaciocdmx.com\/programacion\/ferias\/feria-territorio-diseno-y-arte-objeto-mexicano\/"},"author":{"name":"Espacio CDMX","@id":"https:\/\/espaciocdmx.com\/#\/schema\/person\/6ac72de843ce216e6a1d4cfe0dae8024"},"headline":"Feria Territorio: Dise\u00f1o y Arte Objeto Mexicano","datePublished":"2025-04-22T18:51:57+00:00","dateModified":"2025-04-22T19:13:54+00:00","mainEntityOfPage":{"@id":"https:\/\/espaciocdmx.com\/programacion\/ferias\/feria-territorio-diseno-y-arte-objeto-mexicano\/"},"wordCount":223,"commentCount":0,"publisher":{"@id":"https:\/\/espaciocdmx.com\/#organization"},"image":{"@id":"https:\/\/espaciocdmx.com\/programacion\/ferias\/feria-territorio-diseno-y-arte-objeto-mexicano\/#primaryimage"},"thumbnailUrl":"https:\/\/espaciocdmx.com\/wp-content\/uploads\/2025\/04\/Poster-Territorio-Portrait2-scaled.png","articleSection":["Exposiciones","Ferias"],"inLanguage":"en-US","potentialAction":[{"@type":"CommentAction","name":"Comment","target":["https:\/\/espaciocdmx.com\/programacion\/ferias\/feria-territorio-diseno-y-arte-objeto-mexicano\/#respond"]}]},{"@type":"WebPage","@id":"https:\/\/espaciocdmx.com\/programacion\/ferias\/feria-territorio-diseno-y-arte-objeto-mexicano\/","url":"https:\/\/espaciocdmx.com\/programacion\/ferias\/feria-territorio-diseno-y-arte-objeto-mexicano\/","name":"Feria Territorio: Dise\u00f1o y Arte Objeto Mexicano | Espacio CDMX","isPartOf":{"@id":"https:\/\/espaciocdmx.com\/#website"},"primaryImageOfPage":{"@id":"https:\/\/espaciocdmx.com\/programacion\/ferias\/feria-territorio-diseno-y-arte-objeto-mexicano\/#primaryimage"},"image":{"@id":"https:\/\/espaciocdmx.com\/programacion\/ferias\/feria-territorio-diseno-y-arte-objeto-mexicano\/#primaryimage"},"thumbnailUrl":"https:\/\/espaciocdmx.com\/wp-content\/uploads\/2025\/04\/Poster-Territorio-Portrait2-scaled.png","datePublished":"2025-04-22T18:51:57+00:00","dateModified":"2025-04-22T19:13:54+00:00","breadcrumb":{"@id":"https:\/\/espaciocdmx.com\/programacion\/ferias\/feria-territorio-diseno-y-arte-objeto-mexicano\/#breadcrumb"},"inLanguage":"en-US","potentialAction":[{"@type":"ReadAction","target":["https:\/\/espaciocdmx.com\/programacion\/ferias\/feria-territorio-diseno-y-arte-objeto-mexicano\/"]}]},{"@type":"ImageObject","inLanguage":"en-US","@id":"https:\/\/espaciocdmx.com\/programacion\/ferias\/feria-territorio-diseno-y-arte-objeto-mexicano\/#primaryimage","url":"https:\/\/espaciocdmx.com\/wp-content\/uploads\/2025\/04\/Poster-Territorio-Portrait2-scaled.png","contentUrl":"https:\/\/espaciocdmx.com\/wp-content\/uploads\/2025\/04\/Poster-Territorio-Portrait2-scaled.png","width":2048,"height":2560},{"@type":"BreadcrumbList","@id":"https:\/\/espaciocdmx.com\/programacion\/ferias\/feria-territorio-diseno-y-arte-objeto-mexicano\/#breadcrumb","itemListElement":[{"@type":"ListItem","position":1,"name":"Home","item":"https:\/\/espaciocdmx.com\/"},{"@type":"ListItem","position":2,"name":"Feria Territorio: Dise\u00f1o y Arte Objeto Mexicano"}]},{"@type":"WebSite","@id":"https:\/\/espaciocdmx.com\/#website","url":"https:\/\/espaciocdmx.com\/","name":"Espacio CDMX","description":"Arquitectura y Dise\u00f1o","publisher":{"@id":"https:\/\/espaciocdmx.com\/#organization"},"potentialAction":[{"@type":"SearchAction","target":{"@type":"EntryPoint","urlTemplate":"https:\/\/espaciocdmx.com\/?s={search_term_string}"},"query-input":{"@type":"PropertyValueSpecification","valueRequired":true,"valueName":"search_term_string"}}],"inLanguage":"en-US"},{"@type":"Organization","@id":"https:\/\/espaciocdmx.com\/#organization","name":"Espacio CDMX Architecture and Design","url":"https:\/\/espaciocdmx.com\/","logo":{"@type":"ImageObject","inLanguage":"en-US","@id":"https:\/\/espaciocdmx.com\/#\/schema\/logo\/image\/","url":"https:\/\/i1.wp.com\/espaciocdmx.com\/wp-content\/uploads\/2019\/03\/Screen-Shot-2019-03-12-at-6.36.13-PM.png?fit=731%2C731&ssl=1","contentUrl":"https:\/\/i1.wp.com\/espaciocdmx.com\/wp-content\/uploads\/2019\/03\/Screen-Shot-2019-03-12-at-6.36.13-PM.png?fit=731%2C731&ssl=1","width":731,"height":731,"caption":"Espacio CDMX Arquitectura y Dise\u00f1o"},"image":{"@id":"https:\/\/espaciocdmx.com\/#\/schema\/logo\/image\/"},"sameAs":["https:\/\/www.facebook.com\/espacio.cdmx.arq","https:\/\/x.com\/espacio_cdmx","https:\/\/www.instagram.com\/espacio_cdmx\/"]},{"@type":"Person","@id":"https:\/\/espaciocdmx.com\/#\/schema\/person\/6ac72de843ce216e6a1d4cfe0dae8024","name":"Espacio CDMX","image":{"@type":"ImageObject","inLanguage":"en-US","@id":"https:\/\/espaciocdmx.com\/#\/schema\/person\/image\/","url":"https:\/\/secure.gravatar.com\/avatar\/0830bfc50cafacf340fb14966c0f6cc5c88935cded635f38ae2ed050785fd609?s=96&d=mm&r=g","contentUrl":"https:\/\/secure.gravatar.com\/avatar\/0830bfc50cafacf340fb14966c0f6cc5c88935cded635f38ae2ed050785fd609?s=96&d=mm&r=g","caption":"Espacio CDMX"}}]}},"jetpack_featured_media_url":"https:\/\/espaciocdmx.com\/wp-content\/uploads\/2025\/04\/Poster-Territorio-Portrait2-scaled.png","jetpack_sharing_enabled":true,"_links":{"self":[{"href":"https:\/\/espaciocdmx.com\/en\/wp-json\/wp\/v2\/posts\/2345","targetHints":{"allow":["GET"]}}],"collection":[{"href":"https:\/\/espaciocdmx.com\/en\/wp-json\/wp\/v2\/posts"}],"about":[{"href":"https:\/\/espaciocdmx.com\/en\/wp-json\/wp\/v2\/types\/post"}],"author":[{"embeddable":true,"href":"https:\/\/espaciocdmx.com\/en\/wp-json\/wp\/v2\/users\/1"}],"replies":[{"embeddable":true,"href":"https:\/\/espaciocdmx.com\/en\/wp-json\/wp\/v2\/comments?post=2345"}],"version-history":[{"count":4,"href":"https:\/\/espaciocdmx.com\/en\/wp-json\/wp\/v2\/posts\/2345\/revisions"}],"predecessor-version":[{"id":2372,"href":"https:\/\/espaciocdmx.com\/en\/wp-json\/wp\/v2\/posts\/2345\/revisions\/2372"}],"wp:featuredmedia":[{"embeddable":true,"href":"https:\/\/espaciocdmx.com\/en\/wp-json\/wp\/v2\/media\/2368"}],"wp:attachment":[{"href":"https:\/\/espaciocdmx.com\/en\/wp-json\/wp\/v2\/media?parent=2345"}],"wp:term":[{"taxonomy":"category","embeddable":true,"href":"https:\/\/espaciocdmx.com\/en\/wp-json\/wp\/v2\/categories?post=2345"},{"taxonomy":"post_tag","embeddable":true,"href":"https:\/\/espaciocdmx.com\/en\/wp-json\/wp\/v2\/tags?post=2345"}],"curies":[{"name":"wp","href":"https:\/\/api.w.org\/{rel}","templated":true}]}}